{"id":9571,"date":"2024-07-06T13:03:00","date_gmt":"2024-07-06T11:03:00","guid":{"rendered":"https:\/\/and-capital.com\/faciliter-son-expatriation-et-optimiser-sa-fiscalite-en-andorre\/"},"modified":"2024-07-06T13:03:00","modified_gmt":"2024-07-06T11:03:00","slug":"facilitar-la-teva-expatriacio-i-optimitzar-la-teva-fiscalitat-a-andorra","status":"publish","type":"post","link":"https:\/\/and-capital.com\/ca\/facilitar-la-teva-expatriacio-i-optimitzar-la-teva-fiscalitat-a-andorra\/","title":{"rendered":"Facilita la teva expatriaci\u00f3 i optimitza la teva fiscalitat a Andorra"},"content":{"rendered":"<p>Somies amb canviar la teva vida i traslladar-te a l&#039;estranger a un entorn id\u00edl\u00b7lic mentre gaudeixes d&#039;impostos atractius? El Principat d&#039;Andorra atrau cada cop m\u00e9s emprenedors i jubilats que volen optimitzar la seva situaci\u00f3 fiscal. Per\u00f2 per on comenceu a instal\u00b7lar-lo amb \u00e8xit? La firma de comptabilitat <a href=\"https:\/\/and-capital.com\/ca\/\">I Capital<\/a>, especialitzada en suport a mida, t&#039;assessora per a una expatriaci\u00f3 tranquil\u00b7la a Andorra.<\/p>\n    \n\n    \n    <h2 class=\"wp-block-heading\">Per qu\u00e8 triar Andorra per emigrar?<\/h2>\n    \n\n    \n    <p>Enclavat al cor dels Pirineus entre Fran\u00e7a i Espanya, aquest petit pa\u00eds ofereix un entorn de vida excepcional amb els seus paisatges muntanyosos, el seu sol gener\u00f3s i la seva forma de vida suau. Per\u00f2 m\u00e9s enll\u00e0 dels seus actius naturals, Andorra atrau expatriats pel seu sistema fiscal especialment avantatj\u00f3s:<\/p>\n    \n\n    \n    <ul class=\"wp-block-list\">\n      <li>Sense impost sobre la renda per a les persones f\u00edsiques<\/li>\n      <li>Fiscalitat de les empreses entre les m\u00e9s baixes d&#039;Europa<\/li>\n      <li><a href=\"https:\/\/and-capital.com\/ca\/beneficis-fiscals-a-andorra-2\/\">Avantatges fiscals<\/a> per a emprenedors i inversors<\/li>\n      <li>Acord fiscal amb la Uni\u00f3 Europea que garanteix l&#039;estabilitat<\/li>\n    <\/ul>\n    \n\n    \n    <p>A aix\u00f2 s&#039;afegeix un cost de vida global m\u00e9s baix que a Fran\u00e7a i un acc\u00e9s privilegiat a un sistema sanitari i educatiu eficient. Tants actius que fan d&#039;Andorra una destinaci\u00f3 popular per a una nova vida!<\/p>\n    \n\n    \n    <h3 class=\"wp-block-heading\">Els diferents estatus de resid\u00e8ncia a Andorra<\/h3>\n    \n\n    \n    <p>Abans de plantejar-se l&#039;expatriaci\u00f3, \u00e9s fonamental con\u00e8ixer els diferents estatus de resid\u00e8ncia que ofereix el Principat. Hi ha dos tipus principals de permisos de resid\u00e8ncia segons el teu perfil i els teus objectius:<\/p>\n    \n\n    \n    <ul class=\"wp-block-list\">\n      <li>All\u00e0 <a href=\"https:\/\/and-capital.com\/ca\/residencia-passiva-andorra\/\">resid\u00e8ncia passiva<\/a> (o resid\u00e8ncia sense activitat lucrativa): ideal per a jubilats o pensionistes que vulguin viure dels seus ingressos existents.<\/li>\n       <li>All\u00e0 <a href=\"https:\/\/and-capital.com\/ca\/residencia-activa-andorra-2\/\">resid\u00e8ncia activa<\/a> : destinat a persones que vulguin treballar o fer negocis a Andorra.<\/li>\n    <\/ul>\n    \n\n    \n    <p>Cada estat t\u00e9 les seves especificitats quant a condicions d&#039;obtenci\u00f3 i avantatges. Per tant, \u00e9s important fer la seva recerca per triar el que millor s&#039;adapti a la seva situaci\u00f3.<\/p>\n    \n       \n    \n    <blockquote class=\"wp-block-quote is-layout-flow wp-block-quote-is-layout-flow\">\n      <p>El nostre equip est\u00e0 aqu\u00ed per guiar-te en els teus passos i trobar la soluci\u00f3 \u00f2ptima segons el teu perfil. No dubteu a contactar amb nosaltres per obtenir un suport personalitzat.<\/p>\n      <cite>\u2013 L&#039;equip AND Capital<\/cite>\n    <\/blockquote>\n    \n\n    \n    <h3 class=\"wp-block-heading\">Crea el teu negoci per optimitzar la teva fiscalitat a Andorra<\/h3>\n    \n\n    \n    <p>L&#039;expatriaci\u00f3 a Andorra \u00e9s l&#039;oportunitat de donar nova vida a la teva activitat professional creant el teu negoci. All\u00e0 <a href=\"https:\/\/and-capital.com\/ca\/creacio-dempresa-a-andorra\/\">creaci\u00f3 d&#039;empresa a Andorra<\/a> De fet, \u00e9s especialment interessant des del punt de vista fiscal, amb un tipus de l&#039;impost de societats que oscil\u00b7la entre 2% i 10% segons el tipus d&#039;estructura.<\/p>\n    \n\n    \n    <p>Entre les opcions m\u00e9s avantatjoses, podem citar:<\/p>\n    \n\n    \n    <ul class=\"wp-block-list\">\n      <li>All\u00e0 <a href=\"https:\/\/and-capital.com\/ca\/creacio-duna-empresa-offshore-a-andorra\/\">creaci\u00f3 d&#039;empreses offshore<\/a> per a activitats internacionals<\/li>\n      <li>All\u00e0 <a href=\"https:\/\/and-capital.com\/ca\/creacio-de-holding-andorra\/\">creaci\u00f3 de Holding<\/a> per gestionar les vostres participacions<\/li>  \n      <li>All\u00e0 <a href=\"https:\/\/and-capital.com\/ca\/creacio-duna-societat-patrimonial-andorrana\/\">creaci\u00f3 d&#039;una empresa patrimonial<\/a> per optimitzar la transmissi\u00f3<\/li>\n    <\/ul>\n    \n\n    \n    <p>En estructurar de manera intel\u00b7ligent els teus actius a trav\u00e9s d&#039;una o m\u00e9s empreses d&#039;Andorra, pots beneficiar-te d&#039;a <a href=\"https:\/\/and-capital.com\/ca\/optimitzacio-fiscal-andorra\/\">Optimitzaci\u00f3 fiscal<\/a> tot preservant els seus actius. Existeixen solucions flexibles i fetes a mida per satisfer cada necessitat espec\u00edfica.<\/p>\n    <!-- \/:paragraph -->\n\n      \n    <h3 class=\"wp-block-heading\">Prepareu b\u00e9 la vostra instal\u00b7laci\u00f3 per a una expatriaci\u00f3 reeixida<\/h3>\n    \n\n      \n    <p>M\u00e9s enll\u00e0 dels aspectes fiscals, fer una expatriaci\u00f3 requereix una preparaci\u00f3 acurada per entendre amb calma aquest canvi de vida. Entre els punts essencials a preveure:<\/p>\n    \n\n    \n    <ul class=\"wp-block-list\">\n      <li>L&#039;<a href=\"https:\/\/and-capital.com\/ca\/ouverture-compte-bancaire-andorre\/\">obrir un compte bancari<\/a> a Andorra<\/li>\n      <li>Escolaritzaci\u00f3 dels infants en el sistema educatiu local o internacional<\/li> \n      <li>Subscriure una asseguran\u00e7a m\u00e8dica adequada<\/li>\n      <li>Trobar allotjament localment<\/li>\n    <\/ul>  \n    \n\n    \n    <p>Amb l&#039;acompanyament d&#039;experts en expatriaci\u00f3 com l&#039;equip de<a href=\"https:\/\/and-capital.com\/ca\/\">I Capital<\/a>, posar\u00e0s totes les oportunitats del teu costat per a una instal\u00b7laci\u00f3 fluida i un nou comen\u00e7ament amb \u00e8xit a Andorra.<\/p>\n    \n\t\n\t\n    <h3 class=\"wp-block-heading\">Oportunitats excepcionals per als inversors a Andorra<\/h3>\n    \n\n\t\n    <p>Els avantatges fiscals d&#039;Andorra tamb\u00e9 la converteixen en una destinaci\u00f3 preferida per a les inversions. Sobretot perqu\u00e8 el Principat ofereix moltes oportunitats en el sector immobiliari sobretot. Tant si teniu previst adquirir un pied-\u00e0-terre per a les vostres estades com si voleu desenvolupar actius per cedir-lo als vostres hereus, la fiscalitat local ser\u00e0 molt atractiva.<\/p>\n    \n\n\t\n    <p>Andorra tamb\u00e9 est\u00e0 a l&#039;avantguarda pel que fa a criptomonedes, amb un marc legislatiu que proporciona seguretat als inversors. Per tant, \u00e9s un terreny ideal per democratitzar els usos de la cadena de blocs. Els inicis d&#039;una nova revoluci\u00f3 digital?<\/p>\n    \n\n\t\n    <h3 class=\"wp-block-heading\">Prepara la teva jubilaci\u00f3 a Andorra amb tranquil\u00b7litat<\/h3>\n    \n\n\t\n    <p>Imagina&#039;t... Gaudir d&#039;una jubilaci\u00f3 tranquil\u00b7la en un entorn natural magn\u00edfic, lluny de l&#039;enrenou de les grans ciutats, tot tenint una fiscalitat ultrafavorable. Aix\u00f2 \u00e9s el que permet el Principat d&#039;Andorra a la gent gran amb la condici\u00f3 de resid\u00e8ncia passiva. En traslladar la teva resid\u00e8ncia fiscal a Andorra, t&#039;acomiades de l&#039;IRPF i de l&#039;impost sobre el patrimoni immobiliari!<\/p>\n    \n\n\t\n    <p>I amb una de les esperances de vida m\u00e9s altes del m\u00f3n, podreu gaudir durant molt de temps d&#039;aquest nou estil de vida. Alguna cosa que et faci ganes <a href=\"https:\/\/and-capital.com\/ca\/jubilar-se-a-andorra\/\">jubilar-se a Andorra<\/a> tan aviat com sigui possible... Sempre que anticipeu els passos necessaris, amb els socis adequats.<\/p>\n    \n\n\t\n    <h3 class=\"wp-block-heading\">Beneficieu-vos del suport d&#039;experts per a la vostra expatriaci\u00f3<\/h3>\n    \n\n\t\n    <p>Com haurem ent\u00e8s, traslladar-se a Andorra ofereix molts avantatges... Sempre que et preparis b\u00e9! Entre tr\u00e0mits administratius, optimitzaci\u00f3 fiscal, creaci\u00f3 d&#039;empreses o fins i tot gesti\u00f3 patrimonial, \u00e9s millor envoltar-se d&#039;especialistes per tirar endavant amb total tranquil\u00b7litat.<\/p>\n    \n\n\t\n    <p>A la casa de <a href=\"https:\/\/and-capital.com\/ca\/\">I Capital<\/a>, ens comprometem a oferir-te un suport a mida en cada etapa de la teva instal\u00b7laci\u00f3 a Andorra. El nostre equip multidisciplinari us podr\u00e0 aportar solucions adaptades al vostre perfil i als vostres objectius. Tant si ets emprenedor, inversor, jubilat o busques optimitzaci\u00f3 fiscal, estudiarem la millor estrat\u00e8gia per a tu.<\/p>\n    \n\n\t\n    <blockquote class=\"wp-block-quote is-layout-flow wp-block-quote-is-layout-flow\">\n      <p>Trucar a AND Capital \u00e9s la garantia d&#039;un suport de 360 graus amb un sol contacte, per a una expatriaci\u00f3 amb total tranquil\u00b7litat. Els nostres equips multidisciplinaris (comptables, fiscalistes, advocats, etc.) estan all\u00e0 per garantir la seva instal\u00b7laci\u00f3 segons la normativa vigent.<\/p>\n      <cite>\u2013 L&#039;equip AND Capital<\/cite>\n    <\/blockquote>\n    \n\n\t\n    <p>Aix\u00ed que si tu tamb\u00e9 somies amb un canvi i una nova vida sota el sol d&#039;Andorra, <a href=\"https:\/\/and-capital.com\/ca\/contacte\/\">contacta amb nosaltres ara<\/a> ! Estudiarem junts el teu projecte per establir les bases d&#039;una expatriaci\u00f3 amb \u00e8xit. Amb AND Capital, Andorra ja no tindr\u00e0 cap secret per a tu!<\/p>","protected":false},"excerpt":{"rendered":"<p>Envisagez-vous une expatriation en Andorre ? Profitez des conseils d&rsquo;experts en fiscalit\u00e9 et cr\u00e9ation d&rsquo;entreprise pour une installation sereine et une optimisation fiscale. D\u00e9couvrez les \u00e9tapes cl\u00e9s.<\/p>","protected":false},"author":2,"featured_media":9570,"comment_status":"open","ping_status":"open","sticky":false,"template":"","format":"standard","meta":{"footnotes":""},"categories":[172,171],"tags":[264,135,255,385,198],"class_list":["post-9571","post","type-post","status-publish","format-standard","has-post-thumbnail","hentry","category-entrepreneuriat-international","category-gestion-fiscale","tag-creation-entreprise-andorre","tag-fiscalite-avantageuse","tag-investissement-immobilier","tag-optimisation-patrimoine","tag-residence-fiscale"],"aioseo_notices":[],"featured_image_src":{"landsacpe":["https:\/\/and-capital.com\/wp-content\/uploads\/2024\/07\/faciliter-son-expatriation-et-optimiser-sa-fiscalite-en-andorre-1140x445.jpeg",1140,445,true],"list":["https:\/\/and-capital.com\/wp-content\/uploads\/2024\/07\/faciliter-son-expatriation-et-optimiser-sa-fiscalite-en-andorre-463x348.jpeg",463,348,true],"medium":["https:\/\/and-capital.com\/wp-content\/uploads\/2024\/07\/faciliter-son-expatriation-et-optimiser-sa-fiscalite-en-andorre-300x169.jpeg",300,169,true],"full":["https:\/\/and-capital.com\/wp-content\/uploads\/2024\/07\/faciliter-son-expatriation-et-optimiser-sa-fiscalite-en-andorre.jpeg",1280,720,false]},"_links":{"self":[{"href":"https:\/\/and-capital.com\/ca\/wp-json\/wp\/v2\/posts\/9571","targetHints":{"allow":["GET"]}}],"collection":[{"href":"https:\/\/and-capital.com\/ca\/wp-json\/wp\/v2\/posts"}],"about":[{"href":"https:\/\/and-capital.com\/ca\/wp-json\/wp\/v2\/types\/post"}],"author":[{"embeddable":true,"href":"https:\/\/and-capital.com\/ca\/wp-json\/wp\/v2\/users\/2"}],"replies":[{"embeddable":true,"href":"https:\/\/and-capital.com\/ca\/wp-json\/wp\/v2\/comments?post=9571"}],"version-history":[{"count":0,"href":"https:\/\/and-capital.com\/ca\/wp-json\/wp\/v2\/posts\/9571\/revisions"}],"wp:featuredmedia":[{"embeddable":true,"href":"https:\/\/and-capital.com\/ca\/wp-json\/wp\/v2\/media\/9570"}],"wp:attachment":[{"href":"https:\/\/and-capital.com\/ca\/wp-json\/wp\/v2\/media?parent=9571"}],"wp:term":[{"taxonomy":"category","embeddable":true,"href":"https:\/\/and-capital.com\/ca\/wp-json\/wp\/v2\/categories?post=9571"},{"taxonomy":"post_tag","embeddable":true,"href":"https:\/\/and-capital.com\/ca\/wp-json\/wp\/v2\/tags?post=9571"}],"curies":[{"name":"wp","href":"https:\/\/api.w.org\/{rel}","templated":true}]}}