{"id":9514,"date":"2024-06-10T20:03:30","date_gmt":"2024-06-10T18:03:30","guid":{"rendered":"https:\/\/and-capital.com\/convention-de-securite-sociale-entre-la-france-et-landorre\/"},"modified":"2024-06-10T20:03:30","modified_gmt":"2024-06-10T18:03:30","slug":"acuerdo-de-seguridad-social-entre-francia-y-landorra","status":"publish","type":"post","link":"https:\/\/and-capital.com\/es\/acuerdo-de-seguridad-social-entre-francia-y-landorra\/","title":{"rendered":"Acuerdo de seguridad social entre Francia y Andorra"},"content":{"rendered":"<p>Vivir y trabajar en el extranjero, especialmente en el Principado de Andorra, es una aventura estimulante. Pero m\u00e1s all\u00e1 de los impresionantes paisajes y las ventajas fiscales, es vital conocer los acuerdos de seguridad social vigentes para una protecci\u00f3n \u00f3ptima. A continuaci\u00f3n le presentamos el acuerdo de seguridad social entre Francia y Andorra, un verdadero pasaporte para una expatriaci\u00f3n sin preocupaciones.<\/p>\n    \n    \n    \n    <h2 class=\"wp-block-heading\">Un acuerdo para fomentar la movilidad transfronteriza<\/h2>\n    \n    \n    \n    <p>El convenio de seguridad social entre Francia y Andorra es un acuerdo bilateral destinado a coordinar los sistemas de protecci\u00f3n social de ambos pa\u00edses. \u00bfSu objetivo? Garantizar una cobertura social continua a los trabajadores y sus familias cuando se desplazan entre estos territorios.<\/p>\n    \n    \n    \n    <h3 class=\"wp-block-heading\">Acumulaci\u00f3n de periodos de cotizaci\u00f3n<\/h3>\n    \n    \n    \n    <p>En virtud de este acuerdo, los periodos de seguro acumulados en un pa\u00eds se reconocen en el otro. Esto significa que los trabajadores pueden combinar sus derechos a prestaciones de jubilaci\u00f3n, enfermedad e invalidez, para una protecci\u00f3n \u00f3ptima a lo largo de su carrera internacional.<\/p>\n    \n    \n    \n    <blockquote class=\"wp-block-quote is-layout-flow wp-block-quote-is-layout-flow\">\n    <p>\"La totalizaci\u00f3n de los periodos de cotizaci\u00f3n es una verdadera ventaja para los trabajadores m\u00f3viles. Les da continuidad de derechos, lo que es esencial para su tranquilidad.<\/p>\n    <cite>- El equipo de And Capital<\/cite>\n    <\/blockquote>\n    \n    \n    \n    <h3 class=\"wp-block-heading\">Acceso m\u00e1s f\u00e1cil a la asistencia<\/h3>\n    \n    \n    \n    <p>Caer enfermo lejos de casa puede convertirse r\u00e1pidamente en un quebradero de cabeza. Pero con este acuerdo, los asegurados pueden recibir asistencia m\u00e9dica en ambos pa\u00edses, bajo ciertas condiciones. Todo un alivio, sobre todo para los trabajadores transfronterizos.<\/p>\n    \n    \n    \n    <h3 class=\"wp-block-heading\">Una jubilaci\u00f3n sin fronteras<\/h3>\n    \n    \n    \n    <p>Preparar la jubilaci\u00f3n en el extranjero no siempre es sencillo. En virtud del Convenio, las pensiones pueden pagarse en el pa\u00eds de residencia. Esto significa que puede esperar su jubilaci\u00f3n <a href=\"https:\/\/and-capital.com\/es\/residencia-pasiva-andorra\/\">casa pasiva<\/a> en Andorra, por ejemplo, conservando los derechos adquiridos en Francia.<\/p>\n    \n    \n    \n    <h2 class=\"wp-block-heading\">Beneficios tangibles para empresas y empleados<\/h2>\n    \n    \n    \n    <p>Este convenio es un regalo del cielo para todos los implicados en la movilidad internacional. Para los trabajadores, ofrece continuidad de derechos y una seguridad social fiable. Para los empresarios, simplifica los procedimientos de desplazamiento y aumenta el atractivo de los puestos en el extranjero.<\/p>\n    \n    \n    \n    <h3 class=\"wp-block-heading\">Asistencia experta para ayudarle a beneficiarse<\/h3>\n    \n    \n    \n    <p>Enfermedad, maternidad, invalidez, vejez, accidentes laborales: el convenio cubre un amplio abanico de prestaciones. Para tener una visi\u00f3n m\u00e1s clara y optimizar su protecci\u00f3n, es aconsejable buscar asesoramiento especializado.<\/p>\n    \n    \n    \n    <p>En <a href=\"https:\/\/and-capital.com\/es\/\">Y Capital<\/a>Como despacho de censores jurados de cuentas con sede en Andorra, ayudamos a particulares y empresas en sus proyectos empresariales.<a href=\"https:\/\/and-capital.com\/es\/optimizacion-fiscal-andorra\/\">optimizaci\u00f3n fiscal<\/a> y expatriaci\u00f3n. <a href=\"https:\/\/and-capital.com\/es\/crear-una-empresa-en-andorra\/\">Crear una empresa en Andorra<\/a>, <a href=\"https:\/\/and-capital.com\/es\/jubilacion-en-andorra\/\">jubilaci\u00f3n en el Principado<\/a>, <a href=\"https:\/\/and-capital.com\/es\/ventajas-fiscales-en-andorra\/\">ventajas fiscales andorranas<\/a>... Nuestros equipos pueden asesorarle sobre el convenio de seguridad social aplicable y ayudarle a aprovecharlo al m\u00e1ximo.<\/p>\n    \n    \n    \n    <blockquote class=\"wp-block-quote is-layout-flow wp-block-quote-is-layout-flow\">\n    <p>\"Entender c\u00f3mo funciona el convenio de seguridad social entre Francia y Andorra es la clave del \u00e9xito de una expatriaci\u00f3n. Nuestro papel es ayudar a nuestros clientes en todo momento.<\/p>\n    <cite>- El equipo de And Capital<\/cite>\n    <\/blockquote>\n    \n    \n    \n    <p>En resumen, el acuerdo de seguridad social entre Francia y Andorra es una herramienta inestimable para cualquiera que piense vivir o trabajar en el Principado. Al facilitar la movilidad y hacer m\u00e1s seguras las trayectorias profesionales, abre un mundo de posibilidades. Y todo ello con un marco fiscal sumamente atractivo.<\/p>\n    \n    \n    \n    <p>\u00bfListo para dar el paso? <a href=\"https:\/\/and-capital.com\/es\/pongase-en-contacto-con\/\">P\u00f3ngase en contacto con los expertos de And Capital<\/a>. Gracias a su profundo conocimiento de los sistemas franc\u00e9s y andorrano, pueden ayudarle a sacar el m\u00e1ximo partido de este acuerdo y a que su proyecto de expatriaci\u00f3n en Andorra sea un \u00e9xito.<\/p>","protected":false},"excerpt":{"rendered":"<p>Vous \u00eates expatri\u00e9 en Andorre ou travailleur frontalier ? D\u00e9couvrez les d\u00e9tails de la convention de s\u00e9curit\u00e9 sociale entre la France et l&rsquo;Andorre. Prestations, couverture sant\u00e9, retraite : on vous explique tout !<\/p>","protected":false},"author":2,"featured_media":9513,"comment_status":"open","ping_status":"open","sticky":false,"template":"","format":"standard","meta":{"footnotes":""},"categories":[1,172],"tags":[278,280,349,51,348],"class_list":["post-9514","post","type-post","status-publish","format-standard","has-post-thumbnail","hentry","category-connaitreandorre","category-entrepreneuriat-international","tag-expatriation-andorre","tag-prestations-sociales","tag-protection-sociale-continue","tag-retraite-andorre","tag-soins-medicaux-transfrontaliers"],"aioseo_notices":[],"featured_image_src":{"landsacpe":["https:\/\/and-capital.com\/wp-content\/uploads\/2024\/06\/convention-de-securite-sociale-entre-la-france-et-landorre-1140x445.jpeg",1140,445,true],"list":["https:\/\/and-capital.com\/wp-content\/uploads\/2024\/06\/convention-de-securite-sociale-entre-la-france-et-landorre-463x348.jpeg",463,348,true],"medium":["https:\/\/and-capital.com\/wp-content\/uploads\/2024\/06\/convention-de-securite-sociale-entre-la-france-et-landorre-300x169.jpeg",300,169,true],"full":["https:\/\/and-capital.com\/wp-content\/uploads\/2024\/06\/convention-de-securite-sociale-entre-la-france-et-landorre.jpeg",1280,720,false]},"_links":{"self":[{"href":"https:\/\/and-capital.com\/es\/wp-json\/wp\/v2\/posts\/9514","targetHints":{"allow":["GET"]}}],"collection":[{"href":"https:\/\/and-capital.com\/es\/wp-json\/wp\/v2\/posts"}],"about":[{"href":"https:\/\/and-capital.com\/es\/wp-json\/wp\/v2\/types\/post"}],"author":[{"embeddable":true,"href":"https:\/\/and-capital.com\/es\/wp-json\/wp\/v2\/users\/2"}],"replies":[{"embeddable":true,"href":"https:\/\/and-capital.com\/es\/wp-json\/wp\/v2\/comments?post=9514"}],"version-history":[{"count":0,"href":"https:\/\/and-capital.com\/es\/wp-json\/wp\/v2\/posts\/9514\/revisions"}],"wp:featuredmedia":[{"embeddable":true,"href":"https:\/\/and-capital.com\/es\/wp-json\/wp\/v2\/media\/9513"}],"wp:attachment":[{"href":"https:\/\/and-capital.com\/es\/wp-json\/wp\/v2\/media?parent=9514"}],"wp:term":[{"taxonomy":"category","embeddable":true,"href":"https:\/\/and-capital.com\/es\/wp-json\/wp\/v2\/categories?post=9514"},{"taxonomy":"post_tag","embeddable":true,"href":"https:\/\/and-capital.com\/es\/wp-json\/wp\/v2\/tags?post=9514"}],"curies":[{"name":"wp","href":"https:\/\/api.w.org\/{rel}","templated":true}]}}