{"id":9848,"date":"2024-09-19T07:05:59","date_gmt":"2024-09-19T05:05:59","guid":{"rendered":"https:\/\/and-capital.com\/acheter-une-voiture-en-andorre-les-pieges-a-eviter\/"},"modified":"2024-09-19T07:05:59","modified_gmt":"2024-09-19T05:05:59","slug":"comprar-um-automovel-em-andorra-as-armadilhas-a-evitar","status":"publish","type":"post","link":"https:\/\/and-capital.com\/pt\/comprar-um-automovel-em-andorra-as-armadilhas-a-evitar\/","title":{"rendered":"Comprar um autom\u00f3vel em Andorra: armadilhas a evitar"},"content":{"rendered":"<p>Sente-se tentado a comprar um autom\u00f3vel em Andorra, atra\u00eddo por pre\u00e7os atractivos e impostos baixos? Embora possa ser uma proposta atractiva, h\u00e1 tamb\u00e9m uma s\u00e9rie de restri\u00e7\u00f5es que deve compreender antes de se comprometer. Neste artigo, os especialistas da And Capital d\u00e3o-lhe as chaves para comprar um autom\u00f3vel no Principado e import\u00e1-lo com toda a tranquilidade. Siga o guia!<\/p>\n    \n\n    \n    <h2 class=\"wp-block-heading\">Andorra, um Eldorado para os compradores de autom\u00f3veis?<\/h2>\n    \n\n    \n    <p>Com um <strong>IVA a apenas 4,5%<\/strong> Em compara\u00e7\u00e3o com o 20% em Fran\u00e7a, Andorra permite muitas vezes adquirir um ve\u00edculo a um pre\u00e7o muito mais competitivo. Al\u00e9m disso, Andorra oferece uma grande variedade de marcas e modelos, incluindo os topo de gama e os raros, o suficiente para fazer as del\u00edcias dos entusiastas que procuram essa joia rara.<\/p>\n    \n\n    \n    <p>E n\u00e3o se esque\u00e7a dos servi\u00e7os associados: os concession\u00e1rios andorranos s\u00e3o conhecidos pela qualidade do seu apoio, sendo que alguns oferecem mesmo assist\u00eancia nas formalidades de registo.<\/p>\n    \n\n    \n    <blockquote class=\"wp-block-quote is-layout-flow wp-block-quote-is-layout-flow\">\n      <p>Comprar um carro em Andorra \u00e9 uma grande oportunidade, desde que se prepare com anteced\u00eancia. \u00c9 fundamental antecipar todos os procedimentos e custos envolvidos para tirar o m\u00e1ximo partido do neg\u00f3cio.<\/p>\n      - A equipa da And Capital\n    <\/blockquote>\n    \n\n    \n    <h3 class=\"wp-block-heading\">As principais etapas da importa\u00e7\u00e3o<\/h3>\n    \n\n    \n    <p>Importar um autom\u00f3vel de<a href=\"https:\/\/and-capital.com\/pt\/carro-da-empresa-andorra\/\">Andorra<\/a> exige o cumprimento de um procedimento espec\u00edfico. Uma vez que o Principado n\u00e3o faz parte da UE, ter\u00e1 de :<\/p>\n    \n\n    \n    <ul class=\"wp-block-list\">\n      <li>Obter um <strong>846A certificado de desalfandegamento<\/strong> com os costumes franceses<\/li>\n      <li>Fornecer um <strong>Certificado de Conformidade Europeu (COC)<\/strong> ou efetuar uma rece\u00e7\u00e3o aut\u00f3noma<\/li>\n      <li>Efetuar uma <strong>pedido de registo em linha<\/strong> no s\u00edtio Web da ANTS<\/li>\n    <\/ul>\n    \n\n    \n    <p>Utilize um Certificat Provisoire d'Immatriculation (CPI) enquanto espera pelo documento definitivo de registo autom\u00f3vel, que pode demorar entre 2 a 8 semanas a obter.<\/p>\n    \n\n    \n    <h3 class=\"wp-block-heading\">Controlo dos custos adicionais<\/h3>\n    \n\n    \n    <p>Embora o pre\u00e7o de compra seja muitas vezes atrativo, h\u00e1 outros custos a considerar:<\/p>\n    \n\n    \n    <ul class=\"wp-block-list\">\n      <li>La <strong>IVA sobre 20%<\/strong> a pagar aquando da importa\u00e7\u00e3o em Fran\u00e7a<\/li> \n      <li>O <strong>taxas de invent\u00e1rio<\/strong> na aus\u00eancia de um COC<\/li>\n      <li>Le <strong>custo do documento de registo do ve\u00edculo<\/strong>vari\u00e1vel consoante a pot\u00eancia e o local de resid\u00eancia<\/li>\n    <\/ul>\n    \n\n    \n    <blockquote class=\"wp-block-quote is-layout-flow wp-block-quote-is-layout-flow\">\n      <p>Para um <a href=\"https:\/\/and-capital.com\/pt\/otimizacao-fiscal-andorra\/\">otimiza\u00e7\u00e3o fiscal<\/a> nada deve ser deixado ao acaso. Com o apoio de um especialista como a And Capital, pode assegurar a sua compra e evitar surpresas desagrad\u00e1veis.<\/p>  \n      - A equipa da And Capital\n    <\/blockquote>\n    \n\n    \n    <h3 class=\"wp-block-heading\">A quest\u00e3o espinhosa dos seguros<\/h3>\n    \n\n    \n    <p>Um ponto a ter em conta \u00e9 o seguro autom\u00f3vel: o seu b\u00f3nus franc\u00eas n\u00e3o ser\u00e1 tido em conta em Andorra. Os pr\u00e9mios para os ve\u00edculos matriculados no Principado podem tamb\u00e9m incluir pr\u00e9mios adicionais. Por conseguinte, \u00e9 indispens\u00e1vel efetuar uma compara\u00e7\u00e3o exaustiva.<\/p>\n    \n\n    \n    <h3 class=\"wp-block-heading\">Escolher a sua matr\u00edcula<\/h3>\n    \n\n    \n    <p>Outra particularidade a ter em conta \u00e9 que, se residir em Andorra mais de 183 dias por ano, pode ficar com uma matr\u00edcula andorrana, sem necessidade de <a href=\"https:\/\/and-capital.com\/pt\/criacao-de-uma-empresa-em-andorra\/\">criar uma empresa<\/a>. Trata-se de uma vantagem ineg\u00e1vel, uma vez que o Principado n\u00e3o est\u00e1 sujeito \u00e0 press\u00e3o fiscal da UE e n\u00e3o troca quaisquer informa\u00e7\u00f5es fiscais com a Fran\u00e7a.<\/p>\n    \n\n    \n    <h3 class=\"wp-block-heading\">Comprar um autom\u00f3vel em Andorra \u00e9 uma escolha sensata?<\/h3>\n    \n\n    \n    <p>Em suma, se estiver disposto a cumprir algumas formalidades complexas, a importa\u00e7\u00e3o de um ve\u00edculo comprado em Andorra revela-se muitas vezes um excelente neg\u00f3cio. Poupan\u00e7as substanciais, uma vasta escolha, qualidade de servi\u00e7o... n\u00e3o faltam vantagens!<\/p>\n    \n\n    \n    <p>N\u00e3o hesite em <a href=\"https:\/\/and-capital.com\/pt\/contacto\/\">contactar os nossos especialistas<\/a> para um apoio personalizado. Especializado em <a href=\"https:\/\/and-capital.com\/pt\/criacao-de-uma-sociedade-gestora-de-participacoes-sociais-em-andorra\/\">cria\u00e7\u00e3o de uma sociedade gestora de participa\u00e7\u00f5es sociais<\/a>, l'<a href=\"https:\/\/and-capital.com\/pt\/residencia-passiva-de-andorra\/\">obten\u00e7\u00e3o de resid\u00eancias passivas<\/a> ou o<a href=\"https:\/\/and-capital.com\/pt\/conta-bancaria-em-andorra\/\">abertura de contas banc\u00e1rias<\/a>Dar-lhe-\u00e3o todos os conselhos necess\u00e1rios para tirar o m\u00e1ximo partido de todas as oportunidades. <a href=\"https:\/\/and-capital.com\/pt\/vantagens-fiscais-em-andorra\/\">vantagens do quadro fiscal andorrano<\/a>em total conformidade e paz de esp\u00edrito.<\/p>","protected":false},"excerpt":{"rendered":"<p>Attir\u00e9s par les prix int\u00e9ressants des voitures en Andorre ? Avant de vous lancer, d\u00e9couvrez nos conseils pour importer sereinement votre v\u00e9hicule, ma\u00eetriser les d\u00e9marches et \u00e9viter les mauvaises surprises. And Capital vous \u00e9claire !<\/p>","protected":false},"author":2,"featured_media":9847,"comment_status":"open","ping_status":"open","sticky":false,"template":"","format":"standard","meta":{"footnotes":""},"categories":[173,171],"tags":[477,479,480,478,481],"class_list":["post-9848","post","type-post","status-publish","format-standard","has-post-thumbnail","hentry","category-conseils-pour-entreprises","category-gestion-fiscale","tag-achat-voiture-andorre","tag-fiscalite-automobile","tag-immatriculation-andorre","tag-importation-vehicule","tag-procedures-administratives"],"aioseo_notices":[],"featured_image_src":{"landsacpe":["https:\/\/and-capital.com\/wp-content\/uploads\/2024\/09\/acheter-une-voiture-en-andorre-les-pieges-a-eviter-1140x445.jpeg",1140,445,true],"list":["https:\/\/and-capital.com\/wp-content\/uploads\/2024\/09\/acheter-une-voiture-en-andorre-les-pieges-a-eviter-463x348.jpeg",463,348,true],"medium":["https:\/\/and-capital.com\/wp-content\/uploads\/2024\/09\/acheter-une-voiture-en-andorre-les-pieges-a-eviter-300x168.jpeg",300,168,true],"full":["https:\/\/and-capital.com\/wp-content\/uploads\/2024\/09\/acheter-une-voiture-en-andorre-les-pieges-a-eviter.jpeg",1312,736,false]},"_links":{"self":[{"href":"https:\/\/and-capital.com\/pt\/wp-json\/wp\/v2\/posts\/9848","targetHints":{"allow":["GET"]}}],"collection":[{"href":"https:\/\/and-capital.com\/pt\/wp-json\/wp\/v2\/posts"}],"about":[{"href":"https:\/\/and-capital.com\/pt\/wp-json\/wp\/v2\/types\/post"}],"author":[{"embeddable":true,"href":"https:\/\/and-capital.com\/pt\/wp-json\/wp\/v2\/users\/2"}],"replies":[{"embeddable":true,"href":"https:\/\/and-capital.com\/pt\/wp-json\/wp\/v2\/comments?post=9848"}],"version-history":[{"count":0,"href":"https:\/\/and-capital.com\/pt\/wp-json\/wp\/v2\/posts\/9848\/revisions"}],"wp:featuredmedia":[{"embeddable":true,"href":"https:\/\/and-capital.com\/pt\/wp-json\/wp\/v2\/media\/9847"}],"wp:attachment":[{"href":"https:\/\/and-capital.com\/pt\/wp-json\/wp\/v2\/media?parent=9848"}],"wp:term":[{"taxonomy":"category","embeddable":true,"href":"https:\/\/and-capital.com\/pt\/wp-json\/wp\/v2\/categories?post=9848"},{"taxonomy":"post_tag","embeddable":true,"href":"https:\/\/and-capital.com\/pt\/wp-json\/wp\/v2\/tags?post=9848"}],"curies":[{"name":"wp","href":"https:\/\/api.w.org\/{rel}","templated":true}]}}